{"id":2609,"date":"2015-02-28T09:00:00","date_gmt":"2015-02-28T08:00:00","guid":{"rendered":"http:\/\/www.4calcio.com\/?p=2609"},"modified":"2015-02-28T09:00:00","modified_gmt":"2015-02-28T08:00:00","slug":"serie-a-lanticipo-e-chievo-milan-lunedi-ce-roma-juve","status":"publish","type":"post","link":"http:\/\/www.4calcio.com\/?p=2609","title":{"rendered":"Serie A, l&#8217;anticipo \u00e8 Chievo-Milan. Luned\u00ec c&#8217;\u00e8 Roma-Juve"},"content":{"rendered":"<table border=\"0\" cellspacing=\"0\" cellpadding=\"0\">\n<tr>\n<td><a href=\"http:\/\/sport.sky.it\/sport\/calcio_italiano\/photogallery\/2015\/02\/27\/programma_25_giornata_serie_a_2014_2015.html\"><img src=\"http:\/\/www.4calcio.com\/wp-content\/plugins\/wp-o-matic\/cache\/9d4d12ace2_mpoku-jankovic-getty-113x70.jpg\" alt=\"\" border=\"0\" \/><\/a><\/td>\n<td width=\"15\"><\/td>\n<td>\n<p><a href=\"http:\/\/sport.sky.it\/sport\/calcio_italiano\/photogallery\/2015\/02\/27\/programma_25_giornata_serie_a_2014_2015.html\">Serie A, l&#8217;anticipo &egrave; Chievo-Milan. Luned&igrave; c&#8217;&egrave; Roma-Juve<\/a><\/p>\n<p><strong>LA FOTOGALLERY<\/strong>. Il programma della 25&ordf; giornata &egrave; sconvolto a causa della crisi societaria del Parma: <a href=\"http:\/\/sport.sky.it\/sport\/calcio_italiano\/2015\/02\/27\/caos_parma_niente_partita_genova_aggiornamenti.html\">la partita col Genoa non si giocher&agrave;<\/a>. I match inizieranno con 15&#8242; di ritardo per solidariet&agrave; con i calciatori giallobl&ugrave;<\/p>\n<div>\n\t\t\t\t<span>Parole chiave: <\/span><br \/>\n\t\t\t\t<span><br \/>\n\t\t\t\t<a href=\"http:\/\/sport.sky.it\/tag\/sport\/programma_1.html\">Programma<\/a>,<br \/>\n\t\t\t\t<a href=\"http:\/\/sport.sky.it\/tag\/sport\/serie_a_2014-2015_1.html\">Serie A 2014-2015<\/a>,<br \/>\n\t\t\t\t<\/span>\n\t\t\t<\/div>\n<\/td>\n<\/tr>\n<\/table>\n","protected":false},"excerpt":{"rendered":"<p>Serie A, l&#8217;anticipo &egrave; Chievo-Milan. Luned&igrave; c&#8217;&egrave; Roma-Juve LA FOTOGALLERY. Il programma della 25&ordf; giornata &egrave; sconvolto a causa della crisi societaria del Parma: la partita col Genoa non si giocher&agrave;. I match inizieranno con 15&#8242; di ritardo per solidariet&agrave; con i calciatori giallobl&ugrave; Parole chiave: Programma, Serie A 2014-2015,<\/p>\n","protected":false},"author":1,"featured_media":0,"comment_status":"open","ping_status":"1","sticky":false,"template":"","format":"standard","meta":[],"categories":[19],"tags":[],"_links":{"self":[{"href":"http:\/\/www.4calcio.com\/index.php?rest_route=\/wp\/v2\/posts\/2609"}],"collection":[{"href":"http:\/\/www.4calcio.com\/index.php?rest_route=\/wp\/v2\/posts"}],"about":[{"href":"http:\/\/www.4calcio.com\/index.php?rest_route=\/wp\/v2\/types\/post"}],"author":[{"embeddable":true,"href":"http:\/\/www.4calcio.com\/index.php?rest_route=\/wp\/v2\/users\/1"}],"replies":[{"embeddable":true,"href":"http:\/\/www.4calcio.com\/index.php?rest_route=%2Fwp%2Fv2%2Fcomments&post=2609"}],"version-history":[{"count":0,"href":"http:\/\/www.4calcio.com\/index.php?rest_route=\/wp\/v2\/posts\/2609\/revisions"}],"wp:attachment":[{"href":"http:\/\/www.4calcio.com\/index.php?rest_route=%2Fwp%2Fv2%2Fmedia&parent=2609"}],"wp:term":[{"taxonomy":"category","embeddable":true,"href":"http:\/\/www.4calcio.com\/index.php?rest_route=%2Fwp%2Fv2%2Fcategories&post=2609"},{"taxonomy":"post_tag","embeddable":true,"href":"http:\/\/www.4calcio.com\/index.php?rest_route=%2Fwp%2Fv2%2Ftags&post=2609"}],"curies":[{"name":"wp","href":"https:\/\/api.w.org\/{rel}","templated":true}]}}