{"id":30689,"date":"2026-03-13T21:57:32","date_gmt":"2026-03-13T20:57:32","guid":{"rendered":"http:\/\/www.4calcio.com\/?p=30689"},"modified":"2026-03-13T21:57:32","modified_gmt":"2026-03-13T20:57:32","slug":"sinner-lallenamento-alla-vigilia-del-match-contro-zverev-allatp-indian-wells-video","status":"publish","type":"post","link":"http:\/\/www.4calcio.com\/?p=30689","title":{"rendered":"Sinner, l&#8217;allenamento alla vigilia del match contro Zverev all&#8217;Atp Indian Wells. VIDEO"},"content":{"rendered":"<p>Le immagini dell&#8217;allenamento di Jannik Sinner, alla vigilia della semifinale contro Sascha Zverev al Masters 1000 di Indian Wells (in programma sabato 14 marzo non prima delle 21.30). L&#8217;altoatesino \u00e8 sceso in campo per circa un&#8217;ora in vista dell&#8217;appuntamento di sabato: la temperatura alta \u00e8 da tenere conto, l&#8217;obiettivo per lui \u00e8 ridurre al minimo la presenza in campo, cos\u00ec come fatto ai quarti contro Tien. Nella seduta ha spinto molto ed \u00e8 allo stesso modo che vuole battere il tedesco<\/p>\n<p><strong><a data-intcmp=\"skysport_video page_interlink_text\" href=\"https:\/\/sport.sky.it\/tennis\/2026\/03\/13\/sinner-zverev-atp-indian-wells-2026-tv-streaming\" target=\"_blank\" rel=\"noopener\">DOVE VEDERE SINNER-ZVEREV<\/a><\/strong><\/p>\n","protected":false},"excerpt":{"rendered":"<p>Le immagini dell&#8217;allenamento di Jannik Sinner, alla vigilia della semifinale contro Sascha Zverev al Masters 1000 di Indian Wells (in programma sabato 14 marzo non prima delle 21.30). L&#8217;altoatesino \u00e8 sceso in campo per circa un&#8217;ora in vista dell&#8217;appuntamento di sabato: la temperatura alta \u00e8 da tenere conto, l&#8217;obiettivo per lui \u00e8 ridurre al minimo [&hellip;]<\/p>\n","protected":false},"author":1,"featured_media":0,"comment_status":"open","ping_status":"1","sticky":false,"template":"","format":"standard","meta":[],"categories":[21],"tags":[],"_links":{"self":[{"href":"http:\/\/www.4calcio.com\/index.php?rest_route=\/wp\/v2\/posts\/30689"}],"collection":[{"href":"http:\/\/www.4calcio.com\/index.php?rest_route=\/wp\/v2\/posts"}],"about":[{"href":"http:\/\/www.4calcio.com\/index.php?rest_route=\/wp\/v2\/types\/post"}],"author":[{"embeddable":true,"href":"http:\/\/www.4calcio.com\/index.php?rest_route=\/wp\/v2\/users\/1"}],"replies":[{"embeddable":true,"href":"http:\/\/www.4calcio.com\/index.php?rest_route=%2Fwp%2Fv2%2Fcomments&post=30689"}],"version-history":[{"count":0,"href":"http:\/\/www.4calcio.com\/index.php?rest_route=\/wp\/v2\/posts\/30689\/revisions"}],"wp:attachment":[{"href":"http:\/\/www.4calcio.com\/index.php?rest_route=%2Fwp%2Fv2%2Fmedia&parent=30689"}],"wp:term":[{"taxonomy":"category","embeddable":true,"href":"http:\/\/www.4calcio.com\/index.php?rest_route=%2Fwp%2Fv2%2Fcategories&post=30689"},{"taxonomy":"post_tag","embeddable":true,"href":"http:\/\/www.4calcio.com\/index.php?rest_route=%2Fwp%2Fv2%2Ftags&post=30689"}],"curies":[{"name":"wp","href":"https:\/\/api.w.org\/{rel}","templated":true}]}}