{"id":31002,"date":"2026-04-20T22:12:00","date_gmt":"2026-04-20T20:12:00","guid":{"rendered":"http:\/\/www.4calcio.com\/?p=31002"},"modified":"2026-04-20T22:12:00","modified_gmt":"2026-04-20T20:12:00","slug":"sinner-spero-che-alcaraz-sia-a-roma-e-al-roland-garros-voglio-competere-con-lui","status":"publish","type":"post","link":"http:\/\/www.4calcio.com\/?p=31002","title":{"rendered":"Sinner: &quot;Spero che Alcaraz sia a Roma e al Roland Garros, voglio competere con lui&quot;"},"content":{"rendered":"<p>Jannik Sinner \u00e8 intervenuto su Sky Sport prima della cerimonia dei Laureus Awards 2026. &#8220;Sono molto contento di essere qui: \u00e8 un momento quasi unico. Per essere nominati a questo evento bisogna aver disputato una stagione incredibile&#8221;. Sinner ha poi parlato anche di Alcaraz, alle prese con un problema al polso che lo ha costretto al ritiro a Barcellona e al forfait di Madrid: &#8220;Sta attraversando un momento non facile: speriamo di rivederlo presto in campo, magari gi\u00e0 a Roma. Mi auguro che possa esserci anche al Roland Garros, perch\u00e9 quando vuoi vincere, vuoi farlo battendo i pi\u00f9 forti al mondo&#8221;<\/p>\n<p><a data-intcmp=\"skysport_video page_interlink_text\" rel=\"follow noopener\" href=\"https:\/\/sport.sky.it\/tennis\/2026\/04\/20\/alcaraz-infortunio-foto-tutore-madrid\" target=\"_blank\">ALCARAZ: &#8220;ROLAND GARROS? VEDIAMO, SERVE PAZIENZA&#8221;<\/a><\/p>\n","protected":false},"excerpt":{"rendered":"<p>Jannik Sinner \u00e8 intervenuto su Sky Sport prima della cerimonia dei Laureus Awards 2026. &#8220;Sono molto contento di essere qui: \u00e8 un momento quasi unico. Per essere nominati a questo evento bisogna aver disputato una stagione incredibile&#8221;. Sinner ha poi parlato anche di Alcaraz, alle prese con un problema al polso che lo ha costretto [&hellip;]<\/p>\n","protected":false},"author":1,"featured_media":0,"comment_status":"open","ping_status":"1","sticky":false,"template":"","format":"standard","meta":[],"categories":[21],"tags":[],"_links":{"self":[{"href":"http:\/\/www.4calcio.com\/index.php?rest_route=\/wp\/v2\/posts\/31002"}],"collection":[{"href":"http:\/\/www.4calcio.com\/index.php?rest_route=\/wp\/v2\/posts"}],"about":[{"href":"http:\/\/www.4calcio.com\/index.php?rest_route=\/wp\/v2\/types\/post"}],"author":[{"embeddable":true,"href":"http:\/\/www.4calcio.com\/index.php?rest_route=\/wp\/v2\/users\/1"}],"replies":[{"embeddable":true,"href":"http:\/\/www.4calcio.com\/index.php?rest_route=%2Fwp%2Fv2%2Fcomments&post=31002"}],"version-history":[{"count":0,"href":"http:\/\/www.4calcio.com\/index.php?rest_route=\/wp\/v2\/posts\/31002\/revisions"}],"wp:attachment":[{"href":"http:\/\/www.4calcio.com\/index.php?rest_route=%2Fwp%2Fv2%2Fmedia&parent=31002"}],"wp:term":[{"taxonomy":"category","embeddable":true,"href":"http:\/\/www.4calcio.com\/index.php?rest_route=%2Fwp%2Fv2%2Fcategories&post=31002"},{"taxonomy":"post_tag","embeddable":true,"href":"http:\/\/www.4calcio.com\/index.php?rest_route=%2Fwp%2Fv2%2Ftags&post=31002"}],"curies":[{"name":"wp","href":"https:\/\/api.w.org\/{rel}","templated":true}]}}