{"id":31050,"date":"2026-04-24T22:07:27","date_gmt":"2026-04-24T20:07:27","guid":{"rendered":"http:\/\/www.4calcio.com\/?p=31050"},"modified":"2026-04-24T22:07:27","modified_gmt":"2026-04-24T20:07:27","slug":"sinner-alcaraz-spero-possa-rientrare-per-wimbledon","status":"publish","type":"post","link":"http:\/\/www.4calcio.com\/?p=31050","title":{"rendered":"Sinner: &quot;Alcaraz? Spero possa rientrare per Wimbledon&quot;"},"content":{"rendered":"<p>Nel video le parole di Jannik Sinner a Sky Sport sulla scelta di Alcaraz di non giocare a Roma e Parigi per un problema al polso: &#8220;Rinunciare a uno Slam \u00e8 tosta. Queste sono delle scelte che fanno male, ma sono sicuro che sarebbe sbagliato se facesse tutto di fretta. Lui ha un ottimo team e dovr\u00e0 ascoltare loro e il suo corpo. Mi piace giocare contro i migliori al mondo e lui \u00e8 il giocatore pi\u00f9 forte su terra. Speriamo possa ritornare per Wimbledon, gli auguro il meglio&#8221;<\/p>\n<p><a data-intcmp=\"skysport_video page_interlink_text\" href=\"https:\/\/sport.sky.it\/tennis\/2026\/04\/24\/sinner-bonzi-madrid-open-risultato\" target=\"_blank\" rel=\"noopener\">SINNER-BONZI:\u00a0HIGHLIGHTS<\/a>\u00a0&#8211; <a data-intcmp=\"skysport_video page_interlink_text\" href=\"https:\/\/sport.sky.it\/tennis\/2026\/04\/24\/alcaraz-infortunio-salta-roma-roland-garros\" target=\"_blank\" rel=\"noopener\">ALCARAZ SALTA IL ROLAND GARROS<\/a><\/p>\n","protected":false},"excerpt":{"rendered":"<p>Nel video le parole di Jannik Sinner a Sky Sport sulla scelta di Alcaraz di non giocare a Roma e Parigi per un problema al polso: &#8220;Rinunciare a uno Slam \u00e8 tosta. Queste sono delle scelte che fanno male, ma sono sicuro che sarebbe sbagliato se facesse tutto di fretta. Lui ha un ottimo team [&hellip;]<\/p>\n","protected":false},"author":1,"featured_media":0,"comment_status":"open","ping_status":"1","sticky":false,"template":"","format":"standard","meta":[],"categories":[21],"tags":[],"_links":{"self":[{"href":"http:\/\/www.4calcio.com\/index.php?rest_route=\/wp\/v2\/posts\/31050"}],"collection":[{"href":"http:\/\/www.4calcio.com\/index.php?rest_route=\/wp\/v2\/posts"}],"about":[{"href":"http:\/\/www.4calcio.com\/index.php?rest_route=\/wp\/v2\/types\/post"}],"author":[{"embeddable":true,"href":"http:\/\/www.4calcio.com\/index.php?rest_route=\/wp\/v2\/users\/1"}],"replies":[{"embeddable":true,"href":"http:\/\/www.4calcio.com\/index.php?rest_route=%2Fwp%2Fv2%2Fcomments&post=31050"}],"version-history":[{"count":0,"href":"http:\/\/www.4calcio.com\/index.php?rest_route=\/wp\/v2\/posts\/31050\/revisions"}],"wp:attachment":[{"href":"http:\/\/www.4calcio.com\/index.php?rest_route=%2Fwp%2Fv2%2Fmedia&parent=31050"}],"wp:term":[{"taxonomy":"category","embeddable":true,"href":"http:\/\/www.4calcio.com\/index.php?rest_route=%2Fwp%2Fv2%2Fcategories&post=31050"},{"taxonomy":"post_tag","embeddable":true,"href":"http:\/\/www.4calcio.com\/index.php?rest_route=%2Fwp%2Fv2%2Ftags&post=31050"}],"curies":[{"name":"wp","href":"https:\/\/api.w.org\/{rel}","templated":true}]}}