{"id":32210,"date":"2026-09-01T18:20:06","date_gmt":"2026-09-01T16:20:06","guid":{"rendered":"http:\/\/www.4calcio.com\/?p=32210"},"modified":"2026-09-01T18:20:06","modified_gmt":"2026-09-01T16:20:06","slug":"wawrinka-addio-agli-us-open-e-lacrime-a-new-york-e-stato-un-viaggio-fantastico","status":"publish","type":"post","link":"http:\/\/www.4calcio.com\/?p=32210","title":{"rendered":"Wawrinka, addio agli US Open e lacrime a New York: &quot;E&#8217; stato un viaggio fantastico&quot;"},"content":{"rendered":"<p>Stan Wawrinka ha salutato New York per l&#8217;ultima volta dopo il ko nella notte con Matteo Berrettini: &#8220;E&#8217; stato un viaggio fantastico, pi\u00f9 di 20 anni fa facevo le qualificazioni. Questa citt\u00e0 \u00e8 speciale, mi d\u00e0 tanta energia e devo ringraziare tutti: \u00e8 grazie anche a loro che ho vinto qui il titolo del 2016&#8221;. Guarda il VIDEO con il discorso dello svizzero, al suo ultimo US Open a 41 anni.\u00a0\u00a0I match in diretta su <a href=\"https:\/\/programmi.sky.it\/sport\/tennis\/tornei-grande-slam\/dove-vedere-us-open\">Sky Sport<\/a> e in streaming su <a href=\"https:\/\/www.nowtv.it\/sport\/tennis\/us-open\">NOW<\/a>. Tutte le partite in contemporanea live su Diretta Tennis (canale Sky 206)<\/p>\n<p>LIVE: <a href=\"https:\/\/sport.sky.it\/tennis\/calendario-atp\/grandi-slam\/us-open\/risultati\">BELLUCCI &#8211; <\/a><a href=\"https:\/\/sport.sky.it\/tennis\/2026\/09\/01\/cobolli-comesana-us-open-risultato\">COBOLLI<\/a><\/p>\n","protected":false},"excerpt":{"rendered":"<p>Stan Wawrinka ha salutato New York per l&#8217;ultima volta dopo il ko nella notte con Matteo Berrettini: &#8220;E&#8217; stato un viaggio fantastico, pi\u00f9 di 20 anni fa facevo le qualificazioni. Questa citt\u00e0 \u00e8 speciale, mi d\u00e0 tanta energia e devo ringraziare tutti: \u00e8 grazie anche a loro che ho vinto qui il titolo del 2016&#8221;. [&hellip;]<\/p>\n","protected":false},"author":1,"featured_media":0,"comment_status":"open","ping_status":"1","sticky":false,"template":"","format":"standard","meta":[],"categories":[21],"tags":[],"_links":{"self":[{"href":"http:\/\/www.4calcio.com\/index.php?rest_route=\/wp\/v2\/posts\/32210"}],"collection":[{"href":"http:\/\/www.4calcio.com\/index.php?rest_route=\/wp\/v2\/posts"}],"about":[{"href":"http:\/\/www.4calcio.com\/index.php?rest_route=\/wp\/v2\/types\/post"}],"author":[{"embeddable":true,"href":"http:\/\/www.4calcio.com\/index.php?rest_route=\/wp\/v2\/users\/1"}],"replies":[{"embeddable":true,"href":"http:\/\/www.4calcio.com\/index.php?rest_route=%2Fwp%2Fv2%2Fcomments&post=32210"}],"version-history":[{"count":0,"href":"http:\/\/www.4calcio.com\/index.php?rest_route=\/wp\/v2\/posts\/32210\/revisions"}],"wp:attachment":[{"href":"http:\/\/www.4calcio.com\/index.php?rest_route=%2Fwp%2Fv2%2Fmedia&parent=32210"}],"wp:term":[{"taxonomy":"category","embeddable":true,"href":"http:\/\/www.4calcio.com\/index.php?rest_route=%2Fwp%2Fv2%2Fcategories&post=32210"},{"taxonomy":"post_tag","embeddable":true,"href":"http:\/\/www.4calcio.com\/index.php?rest_route=%2Fwp%2Fv2%2Ftags&post=32210"}],"curies":[{"name":"wp","href":"https:\/\/api.w.org\/{rel}","templated":true}]}}